{"id":1883,"date":"2020-03-31T18:38:16","date_gmt":"2020-03-31T16:38:16","guid":{"rendered":"https:\/\/vojnakrajina.ffzg.unizg.hr\/?p=1883"},"modified":"2020-05-02T13:58:06","modified_gmt":"2020-05-02T11:58:06","slug":"cardak-hum","status":"publish","type":"post","link":"https:\/\/vojnakrajina.ffzg.unizg.hr\/en\/cardak-hum\/","title":{"rendered":"Chardak Hum"},"content":{"rendered":"<div data-elementor-type=\"wp-post\" data-elementor-id=\"1883\" class=\"elementor elementor-1883\">\n\t\t\t\t\t\t<section class=\"elementor-section elementor-top-section elementor-element elementor-element-1304b89b elementor-section-boxed elementor-section-height-default elementor-section-height-default\" data-id=\"1304b89b\" data-element_type=\"section\">\n\t\t\t\t\t\t<div class=\"elementor-container elementor-column-gap-default\">\n\t\t\t\t\t<div class=\"elementor-column elementor-col-100 elementor-top-column elementor-element elementor-element-2f76be30\" data-id=\"2f76be30\" data-element_type=\"column\">\n\t\t\t<div class=\"elementor-widget-wrap elementor-element-populated\">\n\t\t\t\t\t\t<div class=\"elementor-element elementor-element-736333e8 elementor-widget elementor-widget-heading\" data-id=\"736333e8\" data-element_type=\"widget\" data-widget_type=\"heading.default\">\n\t\t\t\t<div class=\"elementor-widget-container\">\n\t\t\t\t\t<h2 class=\"elementor-heading-title elementor-size-default\">Arheolo\u0161ki tragovi i mogu\u0107a rekonstrukcija protuturskog \u010dardaka. Gornji Hum, Op\u0107ina Brezni\u010dki Hum, Arheolo\u0161ki lokalitet Hum\u0161\u010dak<\/h2>\t\t\t\t<\/div>\n\t\t\t\t<\/div>\n\t\t\t\t\t<\/div>\n\t\t<\/div>\n\t\t\t\t\t<\/div>\n\t\t<\/section>\n\t\t\t\t<section class=\"elementor-section elementor-top-section elementor-element elementor-element-66a30585 elementor-section-boxed elementor-section-height-default elementor-section-height-default\" data-id=\"66a30585\" data-element_type=\"section\">\n\t\t\t\t\t\t<div class=\"elementor-container elementor-column-gap-default\">\n\t\t\t\t\t<div class=\"elementor-column elementor-col-100 elementor-top-column elementor-element elementor-element-627d7589\" data-id=\"627d7589\" data-element_type=\"column\">\n\t\t\t<div class=\"elementor-widget-wrap elementor-element-populated\">\n\t\t\t\t\t\t<div class=\"elementor-element elementor-element-159fbbe9 elementor-widget elementor-widget-text-editor\" data-id=\"159fbbe9\" data-element_type=\"widget\" data-widget_type=\"text-editor.default\">\n\t\t\t\t<div class=\"elementor-widget-container\">\n\t\t\t\t\t\t\t\t\t<p>Autor:\u00a0Martina Matija\u0161ko<br \/>Source: <a href=\"https:\/\/www.academia.edu\/41274410\/Arheolo%C5%A1ki_tragovi_i_mogu%C4%87a_rekonstrukcija_protuturskog_%C4%8Dardaka._Gornji_Hum_Op%C4%87ina_Brezni%C4%8Dki_Hum_Arheolo%C5%A1ki_lokalitet_Hum%C5%A1%C4%8Dak_elaborat_\">Academia.edu<\/a><\/p>\t\t\t\t\t\t\t\t<\/div>\n\t\t\t\t<\/div>\n\t\t\t\t\t<\/div>\n\t\t<\/div>\n\t\t\t\t\t<\/div>\n\t\t<\/section>\n\t\t\t\t<section class=\"elementor-section elementor-top-section elementor-element elementor-element-23d459d1 elementor-section-boxed elementor-section-height-default elementor-section-height-default\" data-id=\"23d459d1\" data-element_type=\"section\">\n\t\t\t\t\t\t<div class=\"elementor-container elementor-column-gap-default\">\n\t\t\t\t\t<div class=\"elementor-column elementor-col-25 elementor-top-column elementor-element elementor-element-85edfd\" data-id=\"85edfd\" data-element_type=\"column\">\n\t\t\t<div class=\"elementor-widget-wrap\">\n\t\t\t\t\t\t\t<\/div>\n\t\t<\/div>\n\t\t\t\t<div class=\"elementor-column elementor-col-50 elementor-top-column elementor-element elementor-element-c43cd77\" data-id=\"c43cd77\" data-element_type=\"column\">\n\t\t\t<div class=\"elementor-widget-wrap elementor-element-populated\">\n\t\t\t\t\t\t<div class=\"elementor-element elementor-element-7e5cfb1b elementor-widget elementor-widget-text-editor\" data-id=\"7e5cfb1b\" data-element_type=\"widget\" data-widget_type=\"text-editor.default\">\n\t\t\t\t<div class=\"elementor-widget-container\">\n\t\t\t\t\t\t\t\t\t<p><a href=\"https:\/\/vojnakrajina.ffzg.unizg.hr\/wp-content\/uploads\/2020\/03\/\u010cardak-Hum-Martina-Matijasko.pdf\" class=\"pdfemb-viewer\" style=\"width:800px;height:700px;\" data-width=\"800\" data-height=\"700\" data-toolbar=\"top\" data-toolbar-fixed=\"off\">\u010cardak-Hum-Martina-Matijasko<\/a><\/p>\t\t\t\t\t\t\t\t<\/div>\n\t\t\t\t<\/div>\n\t\t\t\t\t<\/div>\n\t\t<\/div>\n\t\t\t\t<div class=\"elementor-column elementor-col-25 elementor-top-column elementor-element elementor-element-3e24bd9e\" data-id=\"3e24bd9e\" data-element_type=\"column\">\n\t\t\t<div class=\"elementor-widget-wrap\">\n\t\t\t\t\t\t\t<\/div>\n\t\t<\/div>\n\t\t\t\t\t<\/div>\n\t\t<\/section>\n\t\t\t\t<\/div>","protected":false},"excerpt":{"rendered":"<p>Study on the reconstruction of the chardak from the end of the 15th \/ beginning of the 16th century.<\/p>","protected":false},"author":1,"featured_media":1980,"comment_status":"closed","ping_status":"closed","sticky":false,"template":"","format":"standard","meta":{"_acf_changed":false,"_monsterinsights_skip_tracking":false,"_monsterinsights_sitenote_active":false,"_monsterinsights_sitenote_note":"","_monsterinsights_sitenote_category":0,"site-sidebar-layout":"default","site-content-layout":"default","ast-site-content-layout":"default","site-content-style":"default","site-sidebar-style":"default","ast-global-header-display":"","ast-banner-title-visibility":"","ast-main-header-display":"","ast-hfb-above-header-display":"","ast-hfb-below-header-display":"","ast-hfb-mobile-header-display":"","site-post-title":"","ast-breadcrumbs-content":"","ast-featured-img":"","footer-sml-layout":"","ast-disable-related-posts":"","theme-transparent-header-meta":"default","adv-header-id-meta":"","stick-header-meta":"","header-above-stick-meta":"","header-main-stick-meta":"","header-below-stick-meta":"","astra-migrate-meta-layouts":"default","ast-page-background-enabled":"default","ast-page-background-meta":{"desktop":{"background-color":"","background-image":"","background-repeat":"repeat","background-position":"center center","background-size":"auto","background-attachment":"scroll","background-type":"","background-media":"","overlay-type":"","overlay-color":"","overlay-opacity":"","overlay-gradient":""},"tablet":{"background-color":"","background-image":"","background-repeat":"repeat","background-position":"center center","background-size":"auto","background-attachment":"scroll","background-type":"","background-media":"","overlay-type":"","overlay-color":"","overlay-opacity":"","overlay-gradient":""},"mobile":{"background-color":"","background-image":"","background-repeat":"repeat","background-position":"center center","background-size":"auto","background-attachment":"scroll","background-type":"","background-media":"","overlay-type":"","overlay-color":"","overlay-opacity":"","overlay-gradient":""}},"ast-content-background-meta":{"desktop":{"background-color":"var(--ast-global-color-5)","background-image":"","background-repeat":"repeat","background-position":"center center","background-size":"auto","background-attachment":"scroll","background-type":"","background-media":"","overlay-type":"","overlay-color":"","overlay-opacity":"","overlay-gradient":""},"tablet":{"background-color":"var(--ast-global-color-5)","background-image":"","background-repeat":"repeat","background-position":"center center","background-size":"auto","background-attachment":"scroll","background-type":"","background-media":"","overlay-type":"","overlay-color":"","overlay-opacity":"","overlay-gradient":""},"mobile":{"background-color":"var(--ast-global-color-5)","background-image":"","background-repeat":"repeat","background-position":"center center","background-size":"auto","background-attachment":"scroll","background-type":"","background-media":"","overlay-type":"","overlay-color":"","overlay-opacity":"","overlay-gradient":""}},"footnotes":""},"categories":[38,43],"tags":[],"class_list":["post-1883","post","type-post","status-publish","format-standard","has-post-thumbnail","hentry","category-dodaci","category-literatura"],"acf":{"facebook_opis":"","opisfacebook":"opisfacebook"},"yoast_head":"<!-- This site is optimized with the Yoast SEO plugin v26.6 - https:\/\/yoast.com\/wordpress\/plugins\/seo\/ -->\n<title>\u010cardak Hum - Bulwark of Europe<\/title>\n<meta name=\"description\" content=\"Drveni \u010dardak datiran u kraj 15.\/po\u010d. 16. st. Potvr\u0111en arheolo\u0161kim istra\u017eivanjima na brdu Hum\u0161\u010dak kod Brezni\u010dkog Huma. Rijedak primjer ranog \u010dardaka.\" \/>\n<meta name=\"robots\" content=\"index, follow, max-snippet:-1, max-image-preview:large, max-video-preview:-1\" \/>\n<link rel=\"canonical\" href=\"https:\/\/vojnakrajina.ffzg.unizg.hr\/en\/cardak-hum\/\" \/>\n<meta property=\"og:locale\" content=\"en_GB\" \/>\n<meta property=\"og:type\" content=\"article\" \/>\n<meta property=\"og:title\" content=\"\u010cardak Hum - Bulwark of Europe\" \/>\n<meta property=\"og:description\" content=\"Drveni \u010dardak datiran u kraj 15.\/po\u010d. 16. st. Potvr\u0111en arheolo\u0161kim istra\u017eivanjima na brdu Hum\u0161\u010dak kod Brezni\u010dkog Huma. Rijedak primjer ranog \u010dardaka.\" \/>\n<meta property=\"og:url\" content=\"https:\/\/vojnakrajina.ffzg.unizg.hr\/en\/cardak-hum\/\" \/>\n<meta property=\"og:site_name\" content=\"Bulwark of Europe\" \/>\n<meta property=\"article:published_time\" content=\"2020-03-31T16:38:16+00:00\" \/>\n<meta property=\"article:modified_time\" content=\"2020-05-02T11:58:06+00:00\" \/>\n<meta property=\"og:image\" content=\"https:\/\/vojnakrajina.ffzg.unizg.hr\/wp-content\/uploads\/2020\/03\/cardak.jpg\" \/>\n\t<meta property=\"og:image:width\" content=\"833\" \/>\n\t<meta property=\"og:image:height\" content=\"887\" \/>\n\t<meta property=\"og:image:type\" content=\"image\/jpeg\" \/>\n<meta name=\"author\" content=\"Filip \u0160imunjak\" \/>\n<meta name=\"twitter:card\" content=\"summary_large_image\" \/>\n<meta name=\"twitter:label1\" content=\"Written by\" \/>\n\t<meta name=\"twitter:data1\" content=\"Filip \u0160imunjak\" \/>\n<script type=\"application\/ld+json\" class=\"yoast-schema-graph\">{\"@context\":\"https:\/\/schema.org\",\"@graph\":[{\"@type\":\"WebPage\",\"@id\":\"https:\/\/vojnakrajina.ffzg.unizg.hr\/en\/cardak-hum\/\",\"url\":\"https:\/\/vojnakrajina.ffzg.unizg.hr\/en\/cardak-hum\/\",\"name\":\"\u010cardak Hum - Bulwark of Europe\",\"isPartOf\":{\"@id\":\"https:\/\/vojnakrajina.ffzg.unizg.hr\/#website\"},\"primaryImageOfPage\":{\"@id\":\"https:\/\/vojnakrajina.ffzg.unizg.hr\/en\/cardak-hum\/#primaryimage\"},\"image\":{\"@id\":\"https:\/\/vojnakrajina.ffzg.unizg.hr\/en\/cardak-hum\/#primaryimage\"},\"thumbnailUrl\":\"https:\/\/vojnakrajina.ffzg.unizg.hr\/wp-content\/uploads\/2020\/03\/cardak.jpg\",\"datePublished\":\"2020-03-31T16:38:16+00:00\",\"dateModified\":\"2020-05-02T11:58:06+00:00\",\"author\":{\"@id\":\"https:\/\/vojnakrajina.ffzg.unizg.hr\/#\/schema\/person\/d770e8a0cd2c1993dfb7b6a957edd0d9\"},\"description\":\"Drveni \u010dardak datiran u kraj 15.\/po\u010d. 16. st. Potvr\u0111en arheolo\u0161kim istra\u017eivanjima na brdu Hum\u0161\u010dak kod Brezni\u010dkog Huma. Rijedak primjer ranog \u010dardaka.\",\"breadcrumb\":{\"@id\":\"https:\/\/vojnakrajina.ffzg.unizg.hr\/en\/cardak-hum\/#breadcrumb\"},\"inLanguage\":\"en-GB\",\"potentialAction\":[{\"@type\":\"ReadAction\",\"target\":[\"https:\/\/vojnakrajina.ffzg.unizg.hr\/en\/cardak-hum\/\"]}]},{\"@type\":\"ImageObject\",\"inLanguage\":\"en-GB\",\"@id\":\"https:\/\/vojnakrajina.ffzg.unizg.hr\/en\/cardak-hum\/#primaryimage\",\"url\":\"https:\/\/vojnakrajina.ffzg.unizg.hr\/wp-content\/uploads\/2020\/03\/cardak.jpg\",\"contentUrl\":\"https:\/\/vojnakrajina.ffzg.unizg.hr\/wp-content\/uploads\/2020\/03\/cardak.jpg\",\"width\":833,\"height\":887},{\"@type\":\"BreadcrumbList\",\"@id\":\"https:\/\/vojnakrajina.ffzg.unizg.hr\/en\/cardak-hum\/#breadcrumb\",\"itemListElement\":[{\"@type\":\"ListItem\",\"position\":1,\"name\":\"Home\",\"item\":\"https:\/\/vojnakrajina.ffzg.unizg.hr\/\"},{\"@type\":\"ListItem\",\"position\":2,\"name\":\"\u010cardak Hum\"}]},{\"@type\":\"WebSite\",\"@id\":\"https:\/\/vojnakrajina.ffzg.unizg.hr\/#website\",\"url\":\"https:\/\/vojnakrajina.ffzg.unizg.hr\/\",\"name\":\"Bulwark of Europe - Vojna krajina u 16. stolje\u0107u\",\"description\":\"Digitizing Habsburg-Ottoman Border\",\"potentialAction\":[{\"@type\":\"SearchAction\",\"target\":{\"@type\":\"EntryPoint\",\"urlTemplate\":\"https:\/\/vojnakrajina.ffzg.unizg.hr\/?s={search_term_string}\"},\"query-input\":{\"@type\":\"PropertyValueSpecification\",\"valueRequired\":true,\"valueName\":\"search_term_string\"}}],\"inLanguage\":\"en-GB\"},{\"@type\":\"Person\",\"@id\":\"https:\/\/vojnakrajina.ffzg.unizg.hr\/#\/schema\/person\/d770e8a0cd2c1993dfb7b6a957edd0d9\",\"name\":\"Filip \u0160imunjak\",\"image\":{\"@type\":\"ImageObject\",\"inLanguage\":\"en-GB\",\"@id\":\"https:\/\/vojnakrajina.ffzg.unizg.hr\/#\/schema\/person\/image\/\",\"url\":\"https:\/\/secure.gravatar.com\/avatar\/38ed982ac585081c2e1d4870eb4d446cb755f4560af058f13fb26a60ed8ee736?s=96&d=mm&r=g\",\"contentUrl\":\"https:\/\/secure.gravatar.com\/avatar\/38ed982ac585081c2e1d4870eb4d446cb755f4560af058f13fb26a60ed8ee736?s=96&d=mm&r=g\",\"caption\":\"Filip \u0160imunjak\"},\"description\":\"Filip \u0160imunjak ro\u0111en je 10. sije\u010dnja 1998. u Zagrebu gdje i \u017eivi. Student je prve godine jednopredmetnog diplomskog studija povijesti na Filozofskom fakultetu Sveu\u010dili\u0161ta u Zagrebu (smjer istra\u017eiva\u010dki, modul ranonovovjekovna povijest). Objavio je nekoliko \u010dlanaka i prikaza na teme iz srednjovjekovne i ranonovovjekovne povijesti. Prou\u010dava Vojnu krajinu i bavi se izradom povijesnih karata i rekonstrukcija utvrda. \u010clan je uredni\u0161tva studentskog \u010dasopisa ProTempore.\"}]}<\/script>\n<!-- \/ Yoast SEO plugin. -->","yoast_head_json":{"title":"\u010cardak Hum - Bulwark of Europe","description":"Drveni \u010dardak datiran u kraj 15.\/po\u010d. 16. st. Potvr\u0111en arheolo\u0161kim istra\u017eivanjima na brdu Hum\u0161\u010dak kod Brezni\u010dkog Huma. Rijedak primjer ranog \u010dardaka.","robots":{"index":"index","follow":"follow","max-snippet":"max-snippet:-1","max-image-preview":"max-image-preview:large","max-video-preview":"max-video-preview:-1"},"canonical":"https:\/\/vojnakrajina.ffzg.unizg.hr\/en\/cardak-hum\/","og_locale":"en_GB","og_type":"article","og_title":"\u010cardak Hum - Bulwark of Europe","og_description":"Drveni \u010dardak datiran u kraj 15.\/po\u010d. 16. st. Potvr\u0111en arheolo\u0161kim istra\u017eivanjima na brdu Hum\u0161\u010dak kod Brezni\u010dkog Huma. Rijedak primjer ranog \u010dardaka.","og_url":"https:\/\/vojnakrajina.ffzg.unizg.hr\/en\/cardak-hum\/","og_site_name":"Bulwark of Europe","article_published_time":"2020-03-31T16:38:16+00:00","article_modified_time":"2020-05-02T11:58:06+00:00","og_image":[{"width":833,"height":887,"url":"https:\/\/vojnakrajina.ffzg.unizg.hr\/wp-content\/uploads\/2020\/03\/cardak.jpg","type":"image\/jpeg"}],"author":"Filip \u0160imunjak","twitter_card":"summary_large_image","twitter_misc":{"Written by":"Filip \u0160imunjak"},"schema":{"@context":"https:\/\/schema.org","@graph":[{"@type":"WebPage","@id":"https:\/\/vojnakrajina.ffzg.unizg.hr\/en\/cardak-hum\/","url":"https:\/\/vojnakrajina.ffzg.unizg.hr\/en\/cardak-hum\/","name":"\u010cardak Hum - Bulwark of Europe","isPartOf":{"@id":"https:\/\/vojnakrajina.ffzg.unizg.hr\/#website"},"primaryImageOfPage":{"@id":"https:\/\/vojnakrajina.ffzg.unizg.hr\/en\/cardak-hum\/#primaryimage"},"image":{"@id":"https:\/\/vojnakrajina.ffzg.unizg.hr\/en\/cardak-hum\/#primaryimage"},"thumbnailUrl":"https:\/\/vojnakrajina.ffzg.unizg.hr\/wp-content\/uploads\/2020\/03\/cardak.jpg","datePublished":"2020-03-31T16:38:16+00:00","dateModified":"2020-05-02T11:58:06+00:00","author":{"@id":"https:\/\/vojnakrajina.ffzg.unizg.hr\/#\/schema\/person\/d770e8a0cd2c1993dfb7b6a957edd0d9"},"description":"Drveni \u010dardak datiran u kraj 15.\/po\u010d. 16. st. Potvr\u0111en arheolo\u0161kim istra\u017eivanjima na brdu Hum\u0161\u010dak kod Brezni\u010dkog Huma. Rijedak primjer ranog \u010dardaka.","breadcrumb":{"@id":"https:\/\/vojnakrajina.ffzg.unizg.hr\/en\/cardak-hum\/#breadcrumb"},"inLanguage":"en-GB","potentialAction":[{"@type":"ReadAction","target":["https:\/\/vojnakrajina.ffzg.unizg.hr\/en\/cardak-hum\/"]}]},{"@type":"ImageObject","inLanguage":"en-GB","@id":"https:\/\/vojnakrajina.ffzg.unizg.hr\/en\/cardak-hum\/#primaryimage","url":"https:\/\/vojnakrajina.ffzg.unizg.hr\/wp-content\/uploads\/2020\/03\/cardak.jpg","contentUrl":"https:\/\/vojnakrajina.ffzg.unizg.hr\/wp-content\/uploads\/2020\/03\/cardak.jpg","width":833,"height":887},{"@type":"BreadcrumbList","@id":"https:\/\/vojnakrajina.ffzg.unizg.hr\/en\/cardak-hum\/#breadcrumb","itemListElement":[{"@type":"ListItem","position":1,"name":"Home","item":"https:\/\/vojnakrajina.ffzg.unizg.hr\/"},{"@type":"ListItem","position":2,"name":"\u010cardak Hum"}]},{"@type":"WebSite","@id":"https:\/\/vojnakrajina.ffzg.unizg.hr\/#website","url":"https:\/\/vojnakrajina.ffzg.unizg.hr\/","name":"Bulwark of Europe - Vojna krajina u 16. stolje\u0107u","description":"Digitizing Habsburg-Ottoman Border","potentialAction":[{"@type":"SearchAction","target":{"@type":"EntryPoint","urlTemplate":"https:\/\/vojnakrajina.ffzg.unizg.hr\/?s={search_term_string}"},"query-input":{"@type":"PropertyValueSpecification","valueRequired":true,"valueName":"search_term_string"}}],"inLanguage":"en-GB"},{"@type":"Person","@id":"https:\/\/vojnakrajina.ffzg.unizg.hr\/#\/schema\/person\/d770e8a0cd2c1993dfb7b6a957edd0d9","name":"Filip \u0160imunjak","image":{"@type":"ImageObject","inLanguage":"en-GB","@id":"https:\/\/vojnakrajina.ffzg.unizg.hr\/#\/schema\/person\/image\/","url":"https:\/\/secure.gravatar.com\/avatar\/38ed982ac585081c2e1d4870eb4d446cb755f4560af058f13fb26a60ed8ee736?s=96&d=mm&r=g","contentUrl":"https:\/\/secure.gravatar.com\/avatar\/38ed982ac585081c2e1d4870eb4d446cb755f4560af058f13fb26a60ed8ee736?s=96&d=mm&r=g","caption":"Filip \u0160imunjak"},"description":"Filip \u0160imunjak ro\u0111en je 10. sije\u010dnja 1998. u Zagrebu gdje i \u017eivi. Student je prve godine jednopredmetnog diplomskog studija povijesti na Filozofskom fakultetu Sveu\u010dili\u0161ta u Zagrebu (smjer istra\u017eiva\u010dki, modul ranonovovjekovna povijest). Objavio je nekoliko \u010dlanaka i prikaza na teme iz srednjovjekovne i ranonovovjekovne povijesti. Prou\u010dava Vojnu krajinu i bavi se izradom povijesnih karata i rekonstrukcija utvrda. \u010clan je uredni\u0161tva studentskog \u010dasopisa ProTempore."}]}},"_links":{"self":[{"href":"https:\/\/vojnakrajina.ffzg.unizg.hr\/en\/wp-json\/wp\/v2\/posts\/1883","targetHints":{"allow":["GET"]}}],"collection":[{"href":"https:\/\/vojnakrajina.ffzg.unizg.hr\/en\/wp-json\/wp\/v2\/posts"}],"about":[{"href":"https:\/\/vojnakrajina.ffzg.unizg.hr\/en\/wp-json\/wp\/v2\/types\/post"}],"author":[{"embeddable":true,"href":"https:\/\/vojnakrajina.ffzg.unizg.hr\/en\/wp-json\/wp\/v2\/users\/1"}],"replies":[{"embeddable":true,"href":"https:\/\/vojnakrajina.ffzg.unizg.hr\/en\/wp-json\/wp\/v2\/comments?post=1883"}],"version-history":[{"count":4,"href":"https:\/\/vojnakrajina.ffzg.unizg.hr\/en\/wp-json\/wp\/v2\/posts\/1883\/revisions"}],"predecessor-version":[{"id":1904,"href":"https:\/\/vojnakrajina.ffzg.unizg.hr\/en\/wp-json\/wp\/v2\/posts\/1883\/revisions\/1904"}],"wp:featuredmedia":[{"embeddable":true,"href":"https:\/\/vojnakrajina.ffzg.unizg.hr\/en\/wp-json\/wp\/v2\/media\/1980"}],"wp:attachment":[{"href":"https:\/\/vojnakrajina.ffzg.unizg.hr\/en\/wp-json\/wp\/v2\/media?parent=1883"}],"wp:term":[{"taxonomy":"category","embeddable":true,"href":"https:\/\/vojnakrajina.ffzg.unizg.hr\/en\/wp-json\/wp\/v2\/categories?post=1883"},{"taxonomy":"post_tag","embeddable":true,"href":"https:\/\/vojnakrajina.ffzg.unizg.hr\/en\/wp-json\/wp\/v2\/tags?post=1883"}],"curies":[{"name":"wp","href":"https:\/\/api.w.org\/{rel}","templated":true}]}}