{"id":2552,"date":"2020-07-14T14:58:29","date_gmt":"2020-07-14T12:58:29","guid":{"rendered":"https:\/\/vojnakrajina.ffzg.unizg.hr\/?p=2552"},"modified":"2021-04-03T18:39:10","modified_gmt":"2021-04-03T16:39:10","slug":"bitka-koja-je-spasila-civilizaciju-siget-1566-godine","status":"publish","type":"post","link":"https:\/\/vojnakrajina.ffzg.unizg.hr\/en\/bitka-koja-je-spasila-civilizaciju-siget-1566-godine\/","title":{"rendered":"\"Battle that saved civilization\" \u2013 Battle of Szigetvar in 1566"},"content":{"rendered":"<div data-elementor-type=\"wp-post\" data-elementor-id=\"2552\" class=\"elementor elementor-2552\">\n\t\t\t\t\t\t<section class=\"elementor-section elementor-top-section elementor-element elementor-element-3680271d elementor-section-boxed elementor-section-height-default elementor-section-height-default\" data-id=\"3680271d\" data-element_type=\"section\">\n\t\t\t\t\t\t<div class=\"elementor-container elementor-column-gap-default\">\n\t\t\t\t\t<div class=\"elementor-column elementor-col-100 elementor-top-column elementor-element elementor-element-730158a9\" data-id=\"730158a9\" data-element_type=\"column\">\n\t\t\t<div class=\"elementor-widget-wrap elementor-element-populated\">\n\t\t\t\t\t\t<div class=\"elementor-element elementor-element-730332f3 elementor-widget elementor-widget-heading\" data-id=\"730332f3\" data-element_type=\"widget\" data-widget_type=\"heading.default\">\n\t\t\t\t<div class=\"elementor-widget-container\">\n\t\t\t\t\t<h2 class=\"elementor-heading-title elementor-size-default\">\"Battle that saved civilization\" \u2013 Battle of Szigetvar in 1566<\/h2>\t\t\t\t<\/div>\n\t\t\t\t<\/div>\n\t\t\t\t\t<\/div>\n\t\t<\/div>\n\t\t\t\t\t<\/div>\n\t\t<\/section>\n\t\t\t\t<section class=\"elementor-section elementor-top-section elementor-element elementor-element-6191fd2c elementor-section-boxed elementor-section-height-default elementor-section-height-default\" data-id=\"6191fd2c\" data-element_type=\"section\">\n\t\t\t\t\t\t<div class=\"elementor-container elementor-column-gap-default\">\n\t\t\t\t\t<div class=\"elementor-column elementor-col-100 elementor-top-column elementor-element elementor-element-49feaf41\" data-id=\"49feaf41\" data-element_type=\"column\">\n\t\t\t<div class=\"elementor-widget-wrap elementor-element-populated\">\n\t\t\t\t\t\t<div class=\"elementor-element elementor-element-928f4ed elementor-widget elementor-widget-text-editor\" data-id=\"928f4ed\" data-element_type=\"widget\" data-widget_type=\"text-editor.default\">\n\t\t\t\t<div class=\"elementor-widget-container\">\n\t\t\t\t\t\t\t\t\tAuthor:\u00a0<a style=\"font-size: 22px; background-color: #ffffff;\" href=\"https:\/\/vojnakrajina.ffzg.unizg.hr\/en\/autor-filip-simunjak\/\" target=\"_blank\" rel=\"noopener\">Filip \u0160imunjak<\/a>\t\t\t\t\t\t\t\t<\/div>\n\t\t\t\t<\/div>\n\t\t\t\t\t<\/div>\n\t\t<\/div>\n\t\t\t\t\t<\/div>\n\t\t<\/section>\n\t\t\t\t<section class=\"elementor-section elementor-top-section elementor-element elementor-element-9b54a59 elementor-section-boxed elementor-section-height-default elementor-section-height-default\" data-id=\"9b54a59\" data-element_type=\"section\">\n\t\t\t\t\t\t<div class=\"elementor-container elementor-column-gap-default\">\n\t\t\t\t\t<div class=\"elementor-column elementor-col-25 elementor-top-column elementor-element elementor-element-61cb661\" data-id=\"61cb661\" data-element_type=\"column\">\n\t\t\t<div class=\"elementor-widget-wrap\">\n\t\t\t\t\t\t\t<\/div>\n\t\t<\/div>\n\t\t\t\t<div class=\"elementor-column elementor-col-50 elementor-top-column elementor-element elementor-element-25816976\" data-id=\"25816976\" data-element_type=\"column\">\n\t\t\t<div class=\"elementor-widget-wrap elementor-element-populated\">\n\t\t\t\t\t\t<div class=\"elementor-element elementor-element-7379db7b elementor-widget elementor-widget-text-editor\" data-id=\"7379db7b\" data-element_type=\"widget\" data-widget_type=\"text-editor.default\">\n\t\t\t\t<div class=\"elementor-widget-container\">\n\t\t\t\t\t\t\t\t\t<iframe src=\"https:\/\/www.facebook.com\/plugins\/post.php?href=https%3A%2F%2Fwww.facebook.com%2Fbulwark.of.europe%2Fposts%2F1258669461165178&#038;width=500&#038;show_text=true&#038;appId=681200372613034&#038;height=590\" width=\"500\" height=\"590\" style=\"border:none;overflow:hidden\" scrolling=\"no\" frameborder=\"0\" allowfullscreen=\"true\" allow=\"autoplay; clipboard-write; encrypted-media; picture-in-picture; web-share\"><\/iframe>\t\t\t\t\t\t\t\t<\/div>\n\t\t\t\t<\/div>\n\t\t\t\t<div class=\"elementor-element elementor-element-1785d245 elementor-widget-divider--view-line elementor-widget elementor-widget-divider\" data-id=\"1785d245\" data-element_type=\"widget\" data-widget_type=\"divider.default\">\n\t\t\t\t<div class=\"elementor-widget-container\">\n\t\t\t\t\t\t\t<div class=\"elementor-divider\">\n\t\t\t<span class=\"elementor-divider-separator\">\n\t\t\t\t\t\t<\/span>\n\t\t<\/div>\n\t\t\t\t\t\t<\/div>\n\t\t\t\t<\/div>\n\t\t\t\t<div class=\"elementor-element elementor-element-78b774ba elementor-widget elementor-widget-text-editor\" data-id=\"78b774ba\" data-element_type=\"widget\" data-widget_type=\"text-editor.default\">\n\t\t\t\t<div class=\"elementor-widget-container\">\n\t\t\t\t\t\t\t\t\t<iframe src=\"https:\/\/www.facebook.com\/plugins\/post.php?href=https%3A%2F%2Fwww.facebook.com%2Fbulwark.of.europe%2Fposts%2F1262102374155220&#038;width=500&#038;show_text=true&#038;appId=681200372613034&#038;height=517\" width=\"500\" height=\"517\" style=\"border:none;overflow:hidden\" scrolling=\"no\" frameborder=\"0\" allowfullscreen=\"true\" allow=\"autoplay; clipboard-write; encrypted-media; picture-in-picture; web-share\"><\/iframe>\t\t\t\t\t\t\t\t<\/div>\n\t\t\t\t<\/div>\n\t\t\t\t<div class=\"elementor-element elementor-element-66de59e0 elementor-widget-divider--view-line elementor-widget elementor-widget-divider\" data-id=\"66de59e0\" data-element_type=\"widget\" data-widget_type=\"divider.default\">\n\t\t\t\t<div class=\"elementor-widget-container\">\n\t\t\t\t\t\t\t<div class=\"elementor-divider\">\n\t\t\t<span class=\"elementor-divider-separator\">\n\t\t\t\t\t\t<\/span>\n\t\t<\/div>\n\t\t\t\t\t\t<\/div>\n\t\t\t\t<\/div>\n\t\t\t\t<div class=\"elementor-element elementor-element-19232e76 elementor-widget elementor-widget-text-editor\" data-id=\"19232e76\" data-element_type=\"widget\" data-widget_type=\"text-editor.default\">\n\t\t\t\t<div class=\"elementor-widget-container\">\n\t\t\t\t\t\t\t\t\t<iframe src=\"https:\/\/www.facebook.com\/plugins\/post.php?href=https%3A%2F%2Fwww.facebook.com%2Fbulwark.of.europe%2Fposts%2F1268068353558622&#038;width=500&#038;show_text=true&#038;appId=681200372613034&#038;height=567\" width=\"500\" height=\"567\" style=\"border:none;overflow:hidden\" scrolling=\"no\" frameborder=\"0\" allowfullscreen=\"true\" allow=\"autoplay; clipboard-write; encrypted-media; picture-in-picture; web-share\"><\/iframe>\t\t\t\t\t\t\t\t<\/div>\n\t\t\t\t<\/div>\n\t\t\t\t<div class=\"elementor-element elementor-element-43584117 elementor-widget-divider--view-line elementor-widget elementor-widget-divider\" data-id=\"43584117\" data-element_type=\"widget\" data-widget_type=\"divider.default\">\n\t\t\t\t<div class=\"elementor-widget-container\">\n\t\t\t\t\t\t\t<div class=\"elementor-divider\">\n\t\t\t<span class=\"elementor-divider-separator\">\n\t\t\t\t\t\t<\/span>\n\t\t<\/div>\n\t\t\t\t\t\t<\/div>\n\t\t\t\t<\/div>\n\t\t\t\t<div class=\"elementor-element elementor-element-66df51bb elementor-widget elementor-widget-text-editor\" data-id=\"66df51bb\" data-element_type=\"widget\" data-widget_type=\"text-editor.default\">\n\t\t\t\t<div class=\"elementor-widget-container\">\n\t\t\t\t\t\t\t\t\t<iframe src=\"https:\/\/www.facebook.com\/plugins\/post.php?href=https%3A%2F%2Fwww.facebook.com%2Fbulwark.of.europe%2Fposts%2F1275541532811304&#038;width=500&#038;show_text=true&#038;appId=681200372613034&#038;height=425\" width=\"500\" height=\"425\" style=\"border:none;overflow:hidden\" scrolling=\"no\" frameborder=\"0\" allowfullscreen=\"true\" allow=\"autoplay; clipboard-write; encrypted-media; picture-in-picture; web-share\"><\/iframe>\t\t\t\t\t\t\t\t<\/div>\n\t\t\t\t<\/div>\n\t\t\t\t<div class=\"elementor-element elementor-element-e681813 elementor-widget-divider--view-line elementor-widget elementor-widget-divider\" data-id=\"e681813\" data-element_type=\"widget\" data-widget_type=\"divider.default\">\n\t\t\t\t<div class=\"elementor-widget-container\">\n\t\t\t\t\t\t\t<div class=\"elementor-divider\">\n\t\t\t<span class=\"elementor-divider-separator\">\n\t\t\t\t\t\t<\/span>\n\t\t<\/div>\n\t\t\t\t\t\t<\/div>\n\t\t\t\t<\/div>\n\t\t\t\t<div class=\"elementor-element elementor-element-6f6952bb elementor-widget elementor-widget-text-editor\" data-id=\"6f6952bb\" data-element_type=\"widget\" data-widget_type=\"text-editor.default\">\n\t\t\t\t<div class=\"elementor-widget-container\">\n\t\t\t\t\t\t\t\t\t<iframe src=\"https:\/\/www.facebook.com\/plugins\/post.php?href=https%3A%2F%2Fwww.facebook.com%2Fbulwark.of.europe%2Fposts%2F1282925705406220&#038;width=500&#038;show_text=true&#038;appId=681200372613034&#038;height=564\" width=\"500\" height=\"564\" style=\"border:none;overflow:hidden\" scrolling=\"no\" frameborder=\"0\" allowfullscreen=\"true\" allow=\"autoplay; clipboard-write; encrypted-media; picture-in-picture; web-share\"><\/iframe>\t\t\t\t\t\t\t\t<\/div>\n\t\t\t\t<\/div>\n\t\t\t\t\t<\/div>\n\t\t<\/div>\n\t\t\t\t<div class=\"elementor-column elementor-col-25 elementor-top-column elementor-element elementor-element-734b9ac5\" data-id=\"734b9ac5\" data-element_type=\"column\">\n\t\t\t<div class=\"elementor-widget-wrap\">\n\t\t\t\t\t\t\t<\/div>\n\t\t<\/div>\n\t\t\t\t\t<\/div>\n\t\t<\/section>\n\t\t\t\t<section class=\"elementor-section elementor-top-section elementor-element elementor-element-0d98dab elementor-section-boxed elementor-section-height-default elementor-section-height-default\" data-id=\"0d98dab\" data-element_type=\"section\">\n\t\t\t\t\t\t<div class=\"elementor-container elementor-column-gap-default\">\n\t\t\t\t\t<div class=\"elementor-column elementor-col-100 elementor-top-column elementor-element elementor-element-95967f3\" data-id=\"95967f3\" data-element_type=\"column\">\n\t\t\t<div class=\"elementor-widget-wrap elementor-element-populated\">\n\t\t\t\t\t\t<div class=\"elementor-element elementor-element-eb4144e elementor-widget elementor-widget-heading\" data-id=\"eb4144e\" data-element_type=\"widget\" data-widget_type=\"heading.default\">\n\t\t\t\t<div class=\"elementor-widget-container\">\n\t\t\t\t\t<h2 class=\"elementor-heading-title elementor-size-default\">The Bosnian Campaign of 1566. \u2013 Did Ferdinand try to help Zrinski during the battle of Siget?<\/h2>\t\t\t\t<\/div>\n\t\t\t\t<\/div>\n\t\t\t\t\t<\/div>\n\t\t<\/div>\n\t\t\t\t\t<\/div>\n\t\t<\/section>\n\t\t\t\t<section class=\"elementor-section elementor-top-section elementor-element elementor-element-6854c1c elementor-section-boxed elementor-section-height-default elementor-section-height-default\" data-id=\"6854c1c\" data-element_type=\"section\">\n\t\t\t\t\t\t<div class=\"elementor-container elementor-column-gap-default\">\n\t\t\t\t\t<div class=\"elementor-column elementor-col-100 elementor-top-column elementor-element elementor-element-4654efc\" data-id=\"4654efc\" data-element_type=\"column\">\n\t\t\t<div class=\"elementor-widget-wrap elementor-element-populated\">\n\t\t\t\t\t\t<div class=\"elementor-element elementor-element-23df821 elementor-widget elementor-widget-text-editor\" data-id=\"23df821\" data-element_type=\"widget\" data-widget_type=\"text-editor.default\">\n\t\t\t\t<div class=\"elementor-widget-container\">\n\t\t\t\t\t\t\t\t\tAuthor:\u00a0<a style=\"font-size: 22px; background-color: #ffffff;\" href=\"https:\/\/vojnakrajina.ffzg.unizg.hr\/en\/autor-klara-kosic\/\" target=\"_blank\" rel=\"noopener\">Klara Kosi\u0107<\/a>\t\t\t\t\t\t\t\t<\/div>\n\t\t\t\t<\/div>\n\t\t\t\t<div class=\"elementor-element elementor-element-c5bd4a0 elementor-widget elementor-widget-text-editor\" data-id=\"c5bd4a0\" data-element_type=\"widget\" data-widget_type=\"text-editor.default\">\n\t\t\t\t<div class=\"elementor-widget-container\">\n\t\t\t\t\t\t\t\t\t<iframe src=\"https:\/\/www.facebook.com\/plugins\/post.php?href=https%3A%2F%2Fwww.facebook.com%2Fbulwark.of.europe%2Fphotos%2Fa.1203137163385075%2F1438568019841987%2F&#038;width=500&#038;show_text=true&#038;appId=681200372613034&#038;height=746\" width=\"500\" height=\"746\" style=\"border:none;overflow:hidden\" scrolling=\"no\" frameborder=\"0\" allowfullscreen=\"true\" allow=\"autoplay; clipboard-write; encrypted-media; picture-in-picture; web-share\"><\/iframe>\t\t\t\t\t\t\t\t<\/div>\n\t\t\t\t<\/div>\n\t\t\t\t\t<\/div>\n\t\t<\/div>\n\t\t\t\t\t<\/div>\n\t\t<\/section>\n\t\t\t\t<\/div>","protected":false},"excerpt":{"rendered":"<p>\u201eBitka koja je spasila civilizaciju\u201c \u2013 Siget 1566. godine Pi\u0161e:\u00a0Filip \u0160imunjak Bosanska bitka 1566. \u2013 Je li Ferdinand poku\u0161ao pomo\u0107i Zrinskom kod Sigeta? Pi\u0161e:\u00a0Klara Kosi\u0107<\/p>","protected":false},"author":1,"featured_media":2553,"comment_status":"closed","ping_status":"closed","sticky":false,"template":"","format":"standard","meta":{"_acf_changed":false,"_monsterinsights_skip_tracking":false,"_monsterinsights_sitenote_active":false,"_monsterinsights_sitenote_note":"","_monsterinsights_sitenote_category":0,"site-sidebar-layout":"default","site-content-layout":"default","ast-site-content-layout":"default","site-content-style":"default","site-sidebar-style":"default","ast-global-header-display":"","ast-banner-title-visibility":"","ast-main-header-display":"","ast-hfb-above-header-display":"","ast-hfb-below-header-display":"","ast-hfb-mobile-header-display":"","site-post-title":"","ast-breadcrumbs-content":"","ast-featured-img":"","footer-sml-layout":"","ast-disable-related-posts":"","theme-transparent-header-meta":"default","adv-header-id-meta":"","stick-header-meta":"","header-above-stick-meta":"","header-main-stick-meta":"","header-below-stick-meta":"","astra-migrate-meta-layouts":"default","ast-page-background-enabled":"default","ast-page-background-meta":{"desktop":{"background-color":"","background-image":"","background-repeat":"repeat","background-position":"center center","background-size":"auto","background-attachment":"scroll","background-type":"","background-media":"","overlay-type":"","overlay-color":"","overlay-opacity":"","overlay-gradient":""},"tablet":{"background-color":"","background-image":"","background-repeat":"repeat","background-position":"center center","background-size":"auto","background-attachment":"scroll","background-type":"","background-media":"","overlay-type":"","overlay-color":"","overlay-opacity":"","overlay-gradient":""},"mobile":{"background-color":"","background-image":"","background-repeat":"repeat","background-position":"center center","background-size":"auto","background-attachment":"scroll","background-type":"","background-media":"","overlay-type":"","overlay-color":"","overlay-opacity":"","overlay-gradient":""}},"ast-content-background-meta":{"desktop":{"background-color":"var(--ast-global-color-5)","background-image":"","background-repeat":"repeat","background-position":"center center","background-size":"auto","background-attachment":"scroll","background-type":"","background-media":"","overlay-type":"","overlay-color":"","overlay-opacity":"","overlay-gradient":""},"tablet":{"background-color":"var(--ast-global-color-5)","background-image":"","background-repeat":"repeat","background-position":"center center","background-size":"auto","background-attachment":"scroll","background-type":"","background-media":"","overlay-type":"","overlay-color":"","overlay-opacity":"","overlay-gradient":""},"mobile":{"background-color":"var(--ast-global-color-5)","background-image":"","background-repeat":"repeat","background-position":"center center","background-size":"auto","background-attachment":"scroll","background-type":"","background-media":"","overlay-type":"","overlay-color":"","overlay-opacity":"","overlay-gradient":""}},"footnotes":""},"categories":[51,53,45],"tags":[],"class_list":["post-2552","post","type-post","status-publish","format-standard","has-post-thumbnail","hentry","category-filip-simunjak","category-klara-kosic","category-zanimljivosti"],"acf":{"facebook_opis":"","opisfacebook":"opisfacebook"},"yoast_head":"<!-- This site is optimized with the Yoast SEO plugin v26.6 - https:\/\/yoast.com\/wordpress\/plugins\/seo\/ -->\n<title>\u201eBitka koja je spasila civilizaciju\u201c \u2013 Siget 1566. godine - Bulwark of Europe<\/title>\n<meta name=\"robots\" content=\"index, follow, max-snippet:-1, max-image-preview:large, max-video-preview:-1\" \/>\n<link rel=\"canonical\" href=\"https:\/\/vojnakrajina.ffzg.unizg.hr\/en\/bitka-koja-je-spasila-civilizaciju-siget-1566-godine\/\" \/>\n<meta property=\"og:locale\" content=\"en_GB\" \/>\n<meta property=\"og:type\" content=\"article\" \/>\n<meta property=\"og:title\" content=\"\u201eBitka koja je spasila civilizaciju\u201c \u2013 Siget 1566. godine - Bulwark of Europe\" \/>\n<meta property=\"og:description\" content=\"\u201eBitka koja je spasila civilizaciju\u201c \u2013 Siget 1566. godine Pi\u0161e:\u00a0Filip \u0160imunjak Bosanska bitka 1566. \u2013 Je li Ferdinand poku\u0161ao pomo\u0107i Zrinskom kod Sigeta? Pi\u0161e:\u00a0Klara Kosi\u0107\" \/>\n<meta property=\"og:url\" content=\"https:\/\/vojnakrajina.ffzg.unizg.hr\/en\/bitka-koja-je-spasila-civilizaciju-siget-1566-godine\/\" \/>\n<meta property=\"og:site_name\" content=\"Bulwark of Europe\" \/>\n<meta property=\"article:published_time\" content=\"2020-07-14T12:58:29+00:00\" \/>\n<meta property=\"article:modified_time\" content=\"2021-04-03T16:39:10+00:00\" \/>\n<meta property=\"og:image\" content=\"https:\/\/vojnakrajina.ffzg.unizg.hr\/wp-content\/uploads\/2020\/07\/siget-ikona.jpg\" \/>\n\t<meta property=\"og:image:width\" content=\"833\" \/>\n\t<meta property=\"og:image:height\" content=\"887\" \/>\n\t<meta property=\"og:image:type\" content=\"image\/jpeg\" \/>\n<meta name=\"author\" content=\"Filip \u0160imunjak\" \/>\n<meta name=\"twitter:card\" content=\"summary_large_image\" \/>\n<meta name=\"twitter:label1\" content=\"Written by\" \/>\n\t<meta name=\"twitter:data1\" content=\"Filip \u0160imunjak\" \/>\n\t<meta name=\"twitter:label2\" content=\"Estimated reading time\" \/>\n\t<meta name=\"twitter:data2\" content=\"1 minute\" \/>\n<script type=\"application\/ld+json\" class=\"yoast-schema-graph\">{\"@context\":\"https:\/\/schema.org\",\"@graph\":[{\"@type\":\"WebPage\",\"@id\":\"https:\/\/vojnakrajina.ffzg.unizg.hr\/bitka-koja-je-spasila-civilizaciju-siget-1566-godine\/\",\"url\":\"https:\/\/vojnakrajina.ffzg.unizg.hr\/bitka-koja-je-spasila-civilizaciju-siget-1566-godine\/\",\"name\":\"\u201eBitka koja je spasila civilizaciju\u201c \u2013 Siget 1566. godine - Bulwark of Europe\",\"isPartOf\":{\"@id\":\"https:\/\/vojnakrajina.ffzg.unizg.hr\/#website\"},\"primaryImageOfPage\":{\"@id\":\"https:\/\/vojnakrajina.ffzg.unizg.hr\/bitka-koja-je-spasila-civilizaciju-siget-1566-godine\/#primaryimage\"},\"image\":{\"@id\":\"https:\/\/vojnakrajina.ffzg.unizg.hr\/bitka-koja-je-spasila-civilizaciju-siget-1566-godine\/#primaryimage\"},\"thumbnailUrl\":\"https:\/\/vojnakrajina.ffzg.unizg.hr\/wp-content\/uploads\/2020\/07\/siget-ikona.jpg\",\"datePublished\":\"2020-07-14T12:58:29+00:00\",\"dateModified\":\"2021-04-03T16:39:10+00:00\",\"author\":{\"@id\":\"https:\/\/vojnakrajina.ffzg.unizg.hr\/#\/schema\/person\/d770e8a0cd2c1993dfb7b6a957edd0d9\"},\"breadcrumb\":{\"@id\":\"https:\/\/vojnakrajina.ffzg.unizg.hr\/bitka-koja-je-spasila-civilizaciju-siget-1566-godine\/#breadcrumb\"},\"inLanguage\":\"en-GB\",\"potentialAction\":[{\"@type\":\"ReadAction\",\"target\":[\"https:\/\/vojnakrajina.ffzg.unizg.hr\/bitka-koja-je-spasila-civilizaciju-siget-1566-godine\/\"]}]},{\"@type\":\"ImageObject\",\"inLanguage\":\"en-GB\",\"@id\":\"https:\/\/vojnakrajina.ffzg.unizg.hr\/bitka-koja-je-spasila-civilizaciju-siget-1566-godine\/#primaryimage\",\"url\":\"https:\/\/vojnakrajina.ffzg.unizg.hr\/wp-content\/uploads\/2020\/07\/siget-ikona.jpg\",\"contentUrl\":\"https:\/\/vojnakrajina.ffzg.unizg.hr\/wp-content\/uploads\/2020\/07\/siget-ikona.jpg\",\"width\":833,\"height\":887},{\"@type\":\"BreadcrumbList\",\"@id\":\"https:\/\/vojnakrajina.ffzg.unizg.hr\/bitka-koja-je-spasila-civilizaciju-siget-1566-godine\/#breadcrumb\",\"itemListElement\":[{\"@type\":\"ListItem\",\"position\":1,\"name\":\"Home\",\"item\":\"https:\/\/vojnakrajina.ffzg.unizg.hr\/\"},{\"@type\":\"ListItem\",\"position\":2,\"name\":\"\u201eBitka koja je spasila civilizaciju\u201c \u2013 Siget 1566. godine\"}]},{\"@type\":\"WebSite\",\"@id\":\"https:\/\/vojnakrajina.ffzg.unizg.hr\/#website\",\"url\":\"https:\/\/vojnakrajina.ffzg.unizg.hr\/\",\"name\":\"Bulwark of Europe - Vojna krajina u 16. stolje\u0107u\",\"description\":\"Digitizing Habsburg-Ottoman Border\",\"potentialAction\":[{\"@type\":\"SearchAction\",\"target\":{\"@type\":\"EntryPoint\",\"urlTemplate\":\"https:\/\/vojnakrajina.ffzg.unizg.hr\/?s={search_term_string}\"},\"query-input\":{\"@type\":\"PropertyValueSpecification\",\"valueRequired\":true,\"valueName\":\"search_term_string\"}}],\"inLanguage\":\"en-GB\"},{\"@type\":\"Person\",\"@id\":\"https:\/\/vojnakrajina.ffzg.unizg.hr\/#\/schema\/person\/d770e8a0cd2c1993dfb7b6a957edd0d9\",\"name\":\"Filip \u0160imunjak\",\"image\":{\"@type\":\"ImageObject\",\"inLanguage\":\"en-GB\",\"@id\":\"https:\/\/vojnakrajina.ffzg.unizg.hr\/#\/schema\/person\/image\/\",\"url\":\"https:\/\/secure.gravatar.com\/avatar\/38ed982ac585081c2e1d4870eb4d446cb755f4560af058f13fb26a60ed8ee736?s=96&d=mm&r=g\",\"contentUrl\":\"https:\/\/secure.gravatar.com\/avatar\/38ed982ac585081c2e1d4870eb4d446cb755f4560af058f13fb26a60ed8ee736?s=96&d=mm&r=g\",\"caption\":\"Filip \u0160imunjak\"},\"description\":\"Filip \u0160imunjak ro\u0111en je 10. sije\u010dnja 1998. u Zagrebu gdje i \u017eivi. Student je prve godine jednopredmetnog diplomskog studija povijesti na Filozofskom fakultetu Sveu\u010dili\u0161ta u Zagrebu (smjer istra\u017eiva\u010dki, modul ranonovovjekovna povijest). Objavio je nekoliko \u010dlanaka i prikaza na teme iz srednjovjekovne i ranonovovjekovne povijesti. Prou\u010dava Vojnu krajinu i bavi se izradom povijesnih karata i rekonstrukcija utvrda. \u010clan je uredni\u0161tva studentskog \u010dasopisa ProTempore.\"}]}<\/script>\n<!-- \/ Yoast SEO plugin. -->","yoast_head_json":{"title":"\u201eBitka koja je spasila civilizaciju\u201c \u2013 Siget 1566. godine - Bulwark of Europe","robots":{"index":"index","follow":"follow","max-snippet":"max-snippet:-1","max-image-preview":"max-image-preview:large","max-video-preview":"max-video-preview:-1"},"canonical":"https:\/\/vojnakrajina.ffzg.unizg.hr\/en\/bitka-koja-je-spasila-civilizaciju-siget-1566-godine\/","og_locale":"en_GB","og_type":"article","og_title":"\u201eBitka koja je spasila civilizaciju\u201c \u2013 Siget 1566. godine - Bulwark of Europe","og_description":"\u201eBitka koja je spasila civilizaciju\u201c \u2013 Siget 1566. godine Pi\u0161e:\u00a0Filip \u0160imunjak Bosanska bitka 1566. \u2013 Je li Ferdinand poku\u0161ao pomo\u0107i Zrinskom kod Sigeta? Pi\u0161e:\u00a0Klara Kosi\u0107","og_url":"https:\/\/vojnakrajina.ffzg.unizg.hr\/en\/bitka-koja-je-spasila-civilizaciju-siget-1566-godine\/","og_site_name":"Bulwark of Europe","article_published_time":"2020-07-14T12:58:29+00:00","article_modified_time":"2021-04-03T16:39:10+00:00","og_image":[{"width":833,"height":887,"url":"https:\/\/vojnakrajina.ffzg.unizg.hr\/wp-content\/uploads\/2020\/07\/siget-ikona.jpg","type":"image\/jpeg"}],"author":"Filip \u0160imunjak","twitter_card":"summary_large_image","twitter_misc":{"Written by":"Filip \u0160imunjak","Estimated reading time":"1 minute"},"schema":{"@context":"https:\/\/schema.org","@graph":[{"@type":"WebPage","@id":"https:\/\/vojnakrajina.ffzg.unizg.hr\/bitka-koja-je-spasila-civilizaciju-siget-1566-godine\/","url":"https:\/\/vojnakrajina.ffzg.unizg.hr\/bitka-koja-je-spasila-civilizaciju-siget-1566-godine\/","name":"\u201eBitka koja je spasila civilizaciju\u201c \u2013 Siget 1566. godine - Bulwark of Europe","isPartOf":{"@id":"https:\/\/vojnakrajina.ffzg.unizg.hr\/#website"},"primaryImageOfPage":{"@id":"https:\/\/vojnakrajina.ffzg.unizg.hr\/bitka-koja-je-spasila-civilizaciju-siget-1566-godine\/#primaryimage"},"image":{"@id":"https:\/\/vojnakrajina.ffzg.unizg.hr\/bitka-koja-je-spasila-civilizaciju-siget-1566-godine\/#primaryimage"},"thumbnailUrl":"https:\/\/vojnakrajina.ffzg.unizg.hr\/wp-content\/uploads\/2020\/07\/siget-ikona.jpg","datePublished":"2020-07-14T12:58:29+00:00","dateModified":"2021-04-03T16:39:10+00:00","author":{"@id":"https:\/\/vojnakrajina.ffzg.unizg.hr\/#\/schema\/person\/d770e8a0cd2c1993dfb7b6a957edd0d9"},"breadcrumb":{"@id":"https:\/\/vojnakrajina.ffzg.unizg.hr\/bitka-koja-je-spasila-civilizaciju-siget-1566-godine\/#breadcrumb"},"inLanguage":"en-GB","potentialAction":[{"@type":"ReadAction","target":["https:\/\/vojnakrajina.ffzg.unizg.hr\/bitka-koja-je-spasila-civilizaciju-siget-1566-godine\/"]}]},{"@type":"ImageObject","inLanguage":"en-GB","@id":"https:\/\/vojnakrajina.ffzg.unizg.hr\/bitka-koja-je-spasila-civilizaciju-siget-1566-godine\/#primaryimage","url":"https:\/\/vojnakrajina.ffzg.unizg.hr\/wp-content\/uploads\/2020\/07\/siget-ikona.jpg","contentUrl":"https:\/\/vojnakrajina.ffzg.unizg.hr\/wp-content\/uploads\/2020\/07\/siget-ikona.jpg","width":833,"height":887},{"@type":"BreadcrumbList","@id":"https:\/\/vojnakrajina.ffzg.unizg.hr\/bitka-koja-je-spasila-civilizaciju-siget-1566-godine\/#breadcrumb","itemListElement":[{"@type":"ListItem","position":1,"name":"Home","item":"https:\/\/vojnakrajina.ffzg.unizg.hr\/"},{"@type":"ListItem","position":2,"name":"\u201eBitka koja je spasila civilizaciju\u201c \u2013 Siget 1566. godine"}]},{"@type":"WebSite","@id":"https:\/\/vojnakrajina.ffzg.unizg.hr\/#website","url":"https:\/\/vojnakrajina.ffzg.unizg.hr\/","name":"Bulwark of Europe - Vojna krajina u 16. stolje\u0107u","description":"Digitizing Habsburg-Ottoman Border","potentialAction":[{"@type":"SearchAction","target":{"@type":"EntryPoint","urlTemplate":"https:\/\/vojnakrajina.ffzg.unizg.hr\/?s={search_term_string}"},"query-input":{"@type":"PropertyValueSpecification","valueRequired":true,"valueName":"search_term_string"}}],"inLanguage":"en-GB"},{"@type":"Person","@id":"https:\/\/vojnakrajina.ffzg.unizg.hr\/#\/schema\/person\/d770e8a0cd2c1993dfb7b6a957edd0d9","name":"Filip \u0160imunjak","image":{"@type":"ImageObject","inLanguage":"en-GB","@id":"https:\/\/vojnakrajina.ffzg.unizg.hr\/#\/schema\/person\/image\/","url":"https:\/\/secure.gravatar.com\/avatar\/38ed982ac585081c2e1d4870eb4d446cb755f4560af058f13fb26a60ed8ee736?s=96&d=mm&r=g","contentUrl":"https:\/\/secure.gravatar.com\/avatar\/38ed982ac585081c2e1d4870eb4d446cb755f4560af058f13fb26a60ed8ee736?s=96&d=mm&r=g","caption":"Filip \u0160imunjak"},"description":"Filip \u0160imunjak ro\u0111en je 10. sije\u010dnja 1998. u Zagrebu gdje i \u017eivi. Student je prve godine jednopredmetnog diplomskog studija povijesti na Filozofskom fakultetu Sveu\u010dili\u0161ta u Zagrebu (smjer istra\u017eiva\u010dki, modul ranonovovjekovna povijest). Objavio je nekoliko \u010dlanaka i prikaza na teme iz srednjovjekovne i ranonovovjekovne povijesti. Prou\u010dava Vojnu krajinu i bavi se izradom povijesnih karata i rekonstrukcija utvrda. \u010clan je uredni\u0161tva studentskog \u010dasopisa ProTempore."}]}},"_links":{"self":[{"href":"https:\/\/vojnakrajina.ffzg.unizg.hr\/en\/wp-json\/wp\/v2\/posts\/2552","targetHints":{"allow":["GET"]}}],"collection":[{"href":"https:\/\/vojnakrajina.ffzg.unizg.hr\/en\/wp-json\/wp\/v2\/posts"}],"about":[{"href":"https:\/\/vojnakrajina.ffzg.unizg.hr\/en\/wp-json\/wp\/v2\/types\/post"}],"author":[{"embeddable":true,"href":"https:\/\/vojnakrajina.ffzg.unizg.hr\/en\/wp-json\/wp\/v2\/users\/1"}],"replies":[{"embeddable":true,"href":"https:\/\/vojnakrajina.ffzg.unizg.hr\/en\/wp-json\/wp\/v2\/comments?post=2552"}],"version-history":[{"count":16,"href":"https:\/\/vojnakrajina.ffzg.unizg.hr\/en\/wp-json\/wp\/v2\/posts\/2552\/revisions"}],"predecessor-version":[{"id":2978,"href":"https:\/\/vojnakrajina.ffzg.unizg.hr\/en\/wp-json\/wp\/v2\/posts\/2552\/revisions\/2978"}],"wp:featuredmedia":[{"embeddable":true,"href":"https:\/\/vojnakrajina.ffzg.unizg.hr\/en\/wp-json\/wp\/v2\/media\/2553"}],"wp:attachment":[{"href":"https:\/\/vojnakrajina.ffzg.unizg.hr\/en\/wp-json\/wp\/v2\/media?parent=2552"}],"wp:term":[{"taxonomy":"category","embeddable":true,"href":"https:\/\/vojnakrajina.ffzg.unizg.hr\/en\/wp-json\/wp\/v2\/categories?post=2552"},{"taxonomy":"post_tag","embeddable":true,"href":"https:\/\/vojnakrajina.ffzg.unizg.hr\/en\/wp-json\/wp\/v2\/tags?post=2552"}],"curies":[{"name":"wp","href":"https:\/\/api.w.org\/{rel}","templated":true}]}}