{"id":2597,"date":"2020-09-29T17:15:28","date_gmt":"2020-09-29T15:15:28","guid":{"rendered":"https:\/\/vojnakrajina.ffzg.unizg.hr\/?p=2597"},"modified":"2021-03-10T11:50:53","modified_gmt":"2021-03-10T10:50:53","slug":"svjetski-kostimi-i-nosnje-krajem-16-st-cesare-vecellio","status":"publish","type":"post","link":"https:\/\/vojnakrajina.ffzg.unizg.hr\/en\/svjetski-kostimi-i-nosnje-krajem-16-st-cesare-vecellio\/","title":{"rendered":"World costumes at the end of the 16th century (Cesare Vecellio)"},"content":{"rendered":"<div data-elementor-type=\"wp-post\" data-elementor-id=\"2597\" class=\"elementor elementor-2597\">\n\t\t\t\t\t\t<section class=\"elementor-section elementor-top-section elementor-element elementor-element-6e5b1570 elementor-section-boxed elementor-section-height-default elementor-section-height-default\" data-id=\"6e5b1570\" data-element_type=\"section\">\n\t\t\t\t\t\t<div class=\"elementor-container elementor-column-gap-default\">\n\t\t\t\t\t<div class=\"elementor-column elementor-col-100 elementor-top-column elementor-element elementor-element-50975924\" data-id=\"50975924\" data-element_type=\"column\">\n\t\t\t<div class=\"elementor-widget-wrap elementor-element-populated\">\n\t\t\t\t\t\t<div class=\"elementor-element elementor-element-5e805cf3 elementor-widget elementor-widget-heading\" data-id=\"5e805cf3\" data-element_type=\"widget\" data-widget_type=\"heading.default\">\n\t\t\t\t<div class=\"elementor-widget-container\">\n\t\t\t\t\t<h2 class=\"elementor-heading-title elementor-size-default\">World costumes at the end of the 16th century (Cesare Vecellio)<\/h2>\t\t\t\t<\/div>\n\t\t\t\t<\/div>\n\t\t\t\t\t<\/div>\n\t\t<\/div>\n\t\t\t\t\t<\/div>\n\t\t<\/section>\n\t\t\t\t<section class=\"elementor-section elementor-top-section elementor-element elementor-element-16a56182 elementor-section-boxed elementor-section-height-default elementor-section-height-default\" data-id=\"16a56182\" data-element_type=\"section\">\n\t\t\t\t\t\t<div class=\"elementor-container elementor-column-gap-default\">\n\t\t\t\t\t<div class=\"elementor-column elementor-col-100 elementor-top-column elementor-element elementor-element-443d94b7\" data-id=\"443d94b7\" data-element_type=\"column\">\n\t\t\t<div class=\"elementor-widget-wrap elementor-element-populated\">\n\t\t\t\t\t\t<div class=\"elementor-element elementor-element-46e84b8b elementor-drop-cap-yes elementor-drop-cap-view-default elementor-widget elementor-widget-text-editor\" data-id=\"46e84b8b\" data-element_type=\"widget\" data-settings=\"{&quot;drop_cap&quot;:&quot;yes&quot;}\" data-widget_type=\"text-editor.default\">\n\t\t\t\t<div class=\"elementor-widget-container\">\n\t\t\t\t\t\t\t\t\t<p class=\"translation-block\">Book <em> De gli Habiti Antichi e Mod\u00e9rni di Diversi Parti di Mondo<\/em>, published by Cesare Vecellio in Venice in 1590, contains a collection of world's costumes from the late 16th century. The following depictions are particularly interesting for the Croatian historical area, and thus for the Military Border:<\/p>\n<ul>\n<li>414 - Hungarian and Croatian nobleman<\/li>\n<li>415 - Croat, Hungarian, Pole<\/li>\n<li>416 - Hungarian costume<\/li>\n<li>417 - Slavonian or Dalmatian man<\/li>\n<li>418 - Slavonian or Dalmatian woman<\/li>\n<li>419 - Dalmatian woman from the island of Cres<\/li>\n<li>420 - Captain of Uskoks<\/li>\n<li>421 - a young woman from Dubrovnik&nbsp;<\/li>\n<\/ul>\t\t\t\t\t\t\t\t<\/div>\n\t\t\t\t<\/div>\n\t\t\t\t<div class=\"elementor-element elementor-element-8c5d9cb elementor-widget elementor-widget-text-editor\" data-id=\"8c5d9cb\" data-element_type=\"widget\" data-widget_type=\"text-editor.default\">\n\t\t\t\t<div class=\"elementor-widget-container\">\n\t\t\t\t\t\t\t\t\t<p style=\"text-align: center;\"><a href=\"https:\/\/vojnakrajina.ffzg.unizg.hr\/en\/izgled-hrvata-u-europskoj-predodzbi-16-st\/\" target=\"_blank\">See the translation here<\/a><br><\/p>\t\t\t\t\t\t\t\t<\/div>\n\t\t\t\t<\/div>\n\t\t\t\t\t<\/div>\n\t\t<\/div>\n\t\t\t\t\t<\/div>\n\t\t<\/section>\n\t\t\t\t<section class=\"elementor-section elementor-top-section elementor-element elementor-element-7f24a73c elementor-section-boxed elementor-section-height-default elementor-section-height-default\" data-id=\"7f24a73c\" data-element_type=\"section\">\n\t\t\t\t\t\t<div class=\"elementor-container elementor-column-gap-default\">\n\t\t\t\t\t<div class=\"elementor-column elementor-col-100 elementor-top-column elementor-element elementor-element-1bd09b8b\" data-id=\"1bd09b8b\" data-element_type=\"column\">\n\t\t\t<div class=\"elementor-widget-wrap elementor-element-populated\">\n\t\t\t\t\t\t<div class=\"elementor-element elementor-element-2c05f22f elementor-widget elementor-widget-heading\" data-id=\"2c05f22f\" data-element_type=\"widget\" data-widget_type=\"heading.default\">\n\t\t\t\t<div class=\"elementor-widget-container\">\n\t\t\t\t\t<h2 class=\"elementor-heading-title elementor-size-default\">Book<\/h2>\t\t\t\t<\/div>\n\t\t\t\t<\/div>\n\t\t\t\t<div class=\"elementor-element elementor-element-6041ec79 elementor-drop-cap-yes elementor-drop-cap-view-default elementor-widget elementor-widget-text-editor\" data-id=\"6041ec79\" data-element_type=\"widget\" data-settings=\"{&quot;drop_cap&quot;:&quot;yes&quot;}\" data-widget_type=\"text-editor.default\">\n\t\t\t\t<div class=\"elementor-widget-container\">\n\t\t\t\t\t\t\t\t\t<p>Attached is the Italian edition of Vecellio's book. Images that are interesting to us begin on p. 341v.<\/p>\n<p class=\"translation-block\"><b>NOTE:\u00a0<\/b>There are several editions of the book on the Internet, such as the French-Italian bilingual edition (<a href=\"https:\/\/books.google.hr\/books?id=VtSUCyJ7NgUC&amp;printsec=frontcover&amp;hl=hr&amp;source=gbs_ge_summary_r&amp;cad=0#v=onepage&amp;q&amp;f=false\" target=\"_self\">link<\/a>) or Italian-Latin bilingual edition (<a href=\"https:\/\/books.google.hr\/books?id=WFAx4ditGWgC&amp;lpg=PP8-IA1&amp;dq=DegliHabitiAntichieModrnidiDiversiPartidiMondo&amp;pg=PP1#v=onepage&amp;q&amp;f=false\" target=\"_self\">link<\/a>). Although these editions are useful and we, therefore, refer to them, it should be noted that some descriptions lack part of the original text. Thus, for example, the French-Italian edition omits a few sentences of the text when describing the Croats and captains of the Uskoks.<\/p>\t\t\t\t\t\t\t\t<\/div>\n\t\t\t\t<\/div>\n\t\t\t\t\t<\/div>\n\t\t<\/div>\n\t\t\t\t\t<\/div>\n\t\t<\/section>\n\t\t\t\t<section class=\"elementor-section elementor-top-section elementor-element elementor-element-017cb2f elementor-section-boxed elementor-section-height-default elementor-section-height-default\" data-id=\"017cb2f\" data-element_type=\"section\">\n\t\t\t\t\t\t<div class=\"elementor-container elementor-column-gap-default\">\n\t\t\t\t\t<div class=\"elementor-column elementor-col-100 elementor-top-column elementor-element elementor-element-cedf3a3\" data-id=\"cedf3a3\" data-element_type=\"column\">\n\t\t\t<div class=\"elementor-widget-wrap elementor-element-populated\">\n\t\t\t\t\t\t<div class=\"elementor-element elementor-element-87e1789 elementor-widget elementor-widget-text-editor\" data-id=\"87e1789\" data-element_type=\"widget\" data-widget_type=\"text-editor.default\">\n\t\t\t\t<div class=\"elementor-widget-container\">\n\t\t\t\t\t\t\t\t\t<div style=\"padding: 0; padding-bottom: 117.01516587677725%; position: relative;  display: block; height: 0;\"><iframe style=\"position: absolute;  top: 0; bottom: 0; left: 0; width: 100%; height: 100%; border: 0;\" src=\"https:\/\/gallica.bnf.fr\/ark:\/12148\/btv1b8446755d\/f1.item.mini\"><\/iframe><\/div>\t\t\t\t\t\t\t\t<\/div>\n\t\t\t\t<\/div>\n\t\t\t\t\t<\/div>\n\t\t<\/div>\n\t\t\t\t\t<\/div>\n\t\t<\/section>\n\t\t\t\t<\/div>","protected":false},"excerpt":{"rendered":"<p>The Italian Renaissance artist Cesare Vecellio (c. 1521 - c. 1601) left behind an interesting life work in which he presented hundreds of costumes of the time.<\/p>","protected":false},"author":1,"featured_media":2581,"comment_status":"closed","ping_status":"closed","sticky":false,"template":"","format":"standard","meta":{"_acf_changed":false,"_monsterinsights_skip_tracking":false,"_monsterinsights_sitenote_active":false,"_monsterinsights_sitenote_note":"","_monsterinsights_sitenote_category":0,"site-sidebar-layout":"default","site-content-layout":"default","ast-site-content-layout":"default","site-content-style":"default","site-sidebar-style":"default","ast-global-header-display":"","ast-banner-title-visibility":"","ast-main-header-display":"","ast-hfb-above-header-display":"","ast-hfb-below-header-display":"","ast-hfb-mobile-header-display":"","site-post-title":"","ast-breadcrumbs-content":"","ast-featured-img":"","footer-sml-layout":"","ast-disable-related-posts":"","theme-transparent-header-meta":"default","adv-header-id-meta":"","stick-header-meta":"","header-above-stick-meta":"","header-main-stick-meta":"","header-below-stick-meta":"","astra-migrate-meta-layouts":"default","ast-page-background-enabled":"default","ast-page-background-meta":{"desktop":{"background-color":"","background-image":"","background-repeat":"repeat","background-position":"center center","background-size":"auto","background-attachment":"scroll","background-type":"","background-media":"","overlay-type":"","overlay-color":"","overlay-opacity":"","overlay-gradient":""},"tablet":{"background-color":"","background-image":"","background-repeat":"repeat","background-position":"center center","background-size":"auto","background-attachment":"scroll","background-type":"","background-media":"","overlay-type":"","overlay-color":"","overlay-opacity":"","overlay-gradient":""},"mobile":{"background-color":"","background-image":"","background-repeat":"repeat","background-position":"center center","background-size":"auto","background-attachment":"scroll","background-type":"","background-media":"","overlay-type":"","overlay-color":"","overlay-opacity":"","overlay-gradient":""}},"ast-content-background-meta":{"desktop":{"background-color":"var(--ast-global-color-5)","background-image":"","background-repeat":"repeat","background-position":"center center","background-size":"auto","background-attachment":"scroll","background-type":"","background-media":"","overlay-type":"","overlay-color":"","overlay-opacity":"","overlay-gradient":""},"tablet":{"background-color":"var(--ast-global-color-5)","background-image":"","background-repeat":"repeat","background-position":"center center","background-size":"auto","background-attachment":"scroll","background-type":"","background-media":"","overlay-type":"","overlay-color":"","overlay-opacity":"","overlay-gradient":""},"mobile":{"background-color":"var(--ast-global-color-5)","background-image":"","background-repeat":"repeat","background-position":"center center","background-size":"auto","background-attachment":"scroll","background-type":"","background-media":"","overlay-type":"","overlay-color":"","overlay-opacity":"","overlay-gradient":""}},"footnotes":""},"categories":[42],"tags":[],"class_list":["post-2597","post","type-post","status-publish","format-standard","has-post-thumbnail","hentry","category-izvori"],"acf":{"facebook_opis":"","opisfacebook":"opisfacebook"},"yoast_head":"<!-- This site is optimized with the Yoast SEO plugin v26.6 - https:\/\/yoast.com\/wordpress\/plugins\/seo\/ -->\n<title>Svjetski kostimi i no\u0161nje krajem 16. st. (Cesare Vecellio) - Bulwark of Europe<\/title>\n<meta name=\"robots\" content=\"index, follow, max-snippet:-1, max-image-preview:large, max-video-preview:-1\" \/>\n<link rel=\"canonical\" href=\"https:\/\/vojnakrajina.ffzg.unizg.hr\/en\/svjetski-kostimi-i-nosnje-krajem-16-st-cesare-vecellio\/\" \/>\n<meta property=\"og:locale\" content=\"en_GB\" \/>\n<meta property=\"og:type\" content=\"article\" \/>\n<meta property=\"og:title\" content=\"Svjetski kostimi i no\u0161nje krajem 16. st. (Cesare Vecellio) - Bulwark of Europe\" \/>\n<meta property=\"og:description\" content=\"Talijanski renesansni umjetnik Cesare Vecellio (c. 1521 \u2013 c. 1601) ostavio je iza sebe zanimljivo \u017eivotno djelo u kojem je prezentirao vi\u0161e stotina no\u0161nji onoga vremena.\" \/>\n<meta property=\"og:url\" content=\"https:\/\/vojnakrajina.ffzg.unizg.hr\/en\/svjetski-kostimi-i-nosnje-krajem-16-st-cesare-vecellio\/\" \/>\n<meta property=\"og:site_name\" content=\"Bulwark of Europe\" \/>\n<meta property=\"article:published_time\" content=\"2020-09-29T15:15:28+00:00\" \/>\n<meta property=\"article:modified_time\" content=\"2021-03-10T10:50:53+00:00\" \/>\n<meta property=\"og:image\" content=\"https:\/\/vojnakrajina.ffzg.unizg.hr\/wp-content\/uploads\/2020\/09\/hrvati-16.-st..jpg\" \/>\n\t<meta property=\"og:image:width\" content=\"833\" \/>\n\t<meta property=\"og:image:height\" content=\"887\" \/>\n\t<meta property=\"og:image:type\" content=\"image\/jpeg\" \/>\n<meta name=\"author\" content=\"Filip \u0160imunjak\" \/>\n<meta name=\"twitter:card\" content=\"summary_large_image\" \/>\n<meta name=\"twitter:label1\" content=\"Written by\" \/>\n\t<meta name=\"twitter:data1\" content=\"Filip \u0160imunjak\" \/>\n\t<meta name=\"twitter:label2\" content=\"Estimated reading time\" \/>\n\t<meta name=\"twitter:data2\" content=\"1 minute\" \/>\n<script type=\"application\/ld+json\" class=\"yoast-schema-graph\">{\"@context\":\"https:\/\/schema.org\",\"@graph\":[{\"@type\":\"WebPage\",\"@id\":\"https:\/\/vojnakrajina.ffzg.unizg.hr\/svjetski-kostimi-i-nosnje-krajem-16-st-cesare-vecellio\/\",\"url\":\"https:\/\/vojnakrajina.ffzg.unizg.hr\/svjetski-kostimi-i-nosnje-krajem-16-st-cesare-vecellio\/\",\"name\":\"Svjetski kostimi i no\u0161nje krajem 16. st. (Cesare Vecellio) - Bulwark of Europe\",\"isPartOf\":{\"@id\":\"https:\/\/vojnakrajina.ffzg.unizg.hr\/#website\"},\"primaryImageOfPage\":{\"@id\":\"https:\/\/vojnakrajina.ffzg.unizg.hr\/svjetski-kostimi-i-nosnje-krajem-16-st-cesare-vecellio\/#primaryimage\"},\"image\":{\"@id\":\"https:\/\/vojnakrajina.ffzg.unizg.hr\/svjetski-kostimi-i-nosnje-krajem-16-st-cesare-vecellio\/#primaryimage\"},\"thumbnailUrl\":\"https:\/\/vojnakrajina.ffzg.unizg.hr\/wp-content\/uploads\/2020\/09\/hrvati-16.-st..jpg\",\"datePublished\":\"2020-09-29T15:15:28+00:00\",\"dateModified\":\"2021-03-10T10:50:53+00:00\",\"author\":{\"@id\":\"https:\/\/vojnakrajina.ffzg.unizg.hr\/#\/schema\/person\/d770e8a0cd2c1993dfb7b6a957edd0d9\"},\"breadcrumb\":{\"@id\":\"https:\/\/vojnakrajina.ffzg.unizg.hr\/svjetski-kostimi-i-nosnje-krajem-16-st-cesare-vecellio\/#breadcrumb\"},\"inLanguage\":\"en-GB\",\"potentialAction\":[{\"@type\":\"ReadAction\",\"target\":[\"https:\/\/vojnakrajina.ffzg.unizg.hr\/svjetski-kostimi-i-nosnje-krajem-16-st-cesare-vecellio\/\"]}]},{\"@type\":\"ImageObject\",\"inLanguage\":\"en-GB\",\"@id\":\"https:\/\/vojnakrajina.ffzg.unizg.hr\/svjetski-kostimi-i-nosnje-krajem-16-st-cesare-vecellio\/#primaryimage\",\"url\":\"https:\/\/vojnakrajina.ffzg.unizg.hr\/wp-content\/uploads\/2020\/09\/hrvati-16.-st..jpg\",\"contentUrl\":\"https:\/\/vojnakrajina.ffzg.unizg.hr\/wp-content\/uploads\/2020\/09\/hrvati-16.-st..jpg\",\"width\":833,\"height\":887},{\"@type\":\"BreadcrumbList\",\"@id\":\"https:\/\/vojnakrajina.ffzg.unizg.hr\/svjetski-kostimi-i-nosnje-krajem-16-st-cesare-vecellio\/#breadcrumb\",\"itemListElement\":[{\"@type\":\"ListItem\",\"position\":1,\"name\":\"Home\",\"item\":\"https:\/\/vojnakrajina.ffzg.unizg.hr\/\"},{\"@type\":\"ListItem\",\"position\":2,\"name\":\"Svjetski kostimi i no\u0161nje krajem 16. st. (Cesare Vecellio)\"}]},{\"@type\":\"WebSite\",\"@id\":\"https:\/\/vojnakrajina.ffzg.unizg.hr\/#website\",\"url\":\"https:\/\/vojnakrajina.ffzg.unizg.hr\/\",\"name\":\"Bulwark of Europe - Vojna krajina u 16. stolje\u0107u\",\"description\":\"Digitizing Habsburg-Ottoman Border\",\"potentialAction\":[{\"@type\":\"SearchAction\",\"target\":{\"@type\":\"EntryPoint\",\"urlTemplate\":\"https:\/\/vojnakrajina.ffzg.unizg.hr\/?s={search_term_string}\"},\"query-input\":{\"@type\":\"PropertyValueSpecification\",\"valueRequired\":true,\"valueName\":\"search_term_string\"}}],\"inLanguage\":\"en-GB\"},{\"@type\":\"Person\",\"@id\":\"https:\/\/vojnakrajina.ffzg.unizg.hr\/#\/schema\/person\/d770e8a0cd2c1993dfb7b6a957edd0d9\",\"name\":\"Filip \u0160imunjak\",\"image\":{\"@type\":\"ImageObject\",\"inLanguage\":\"en-GB\",\"@id\":\"https:\/\/vojnakrajina.ffzg.unizg.hr\/#\/schema\/person\/image\/\",\"url\":\"https:\/\/secure.gravatar.com\/avatar\/38ed982ac585081c2e1d4870eb4d446cb755f4560af058f13fb26a60ed8ee736?s=96&d=mm&r=g\",\"contentUrl\":\"https:\/\/secure.gravatar.com\/avatar\/38ed982ac585081c2e1d4870eb4d446cb755f4560af058f13fb26a60ed8ee736?s=96&d=mm&r=g\",\"caption\":\"Filip \u0160imunjak\"},\"description\":\"Filip \u0160imunjak ro\u0111en je 10. sije\u010dnja 1998. u Zagrebu gdje i \u017eivi. Student je prve godine jednopredmetnog diplomskog studija povijesti na Filozofskom fakultetu Sveu\u010dili\u0161ta u Zagrebu (smjer istra\u017eiva\u010dki, modul ranonovovjekovna povijest). Objavio je nekoliko \u010dlanaka i prikaza na teme iz srednjovjekovne i ranonovovjekovne povijesti. Prou\u010dava Vojnu krajinu i bavi se izradom povijesnih karata i rekonstrukcija utvrda. \u010clan je uredni\u0161tva studentskog \u010dasopisa ProTempore.\"}]}<\/script>\n<!-- \/ Yoast SEO plugin. -->","yoast_head_json":{"title":"Svjetski kostimi i no\u0161nje krajem 16. st. (Cesare Vecellio) - Bulwark of Europe","robots":{"index":"index","follow":"follow","max-snippet":"max-snippet:-1","max-image-preview":"max-image-preview:large","max-video-preview":"max-video-preview:-1"},"canonical":"https:\/\/vojnakrajina.ffzg.unizg.hr\/en\/svjetski-kostimi-i-nosnje-krajem-16-st-cesare-vecellio\/","og_locale":"en_GB","og_type":"article","og_title":"Svjetski kostimi i no\u0161nje krajem 16. st. (Cesare Vecellio) - Bulwark of Europe","og_description":"Talijanski renesansni umjetnik Cesare Vecellio (c. 1521 \u2013 c. 1601) ostavio je iza sebe zanimljivo \u017eivotno djelo u kojem je prezentirao vi\u0161e stotina no\u0161nji onoga vremena.","og_url":"https:\/\/vojnakrajina.ffzg.unizg.hr\/en\/svjetski-kostimi-i-nosnje-krajem-16-st-cesare-vecellio\/","og_site_name":"Bulwark of Europe","article_published_time":"2020-09-29T15:15:28+00:00","article_modified_time":"2021-03-10T10:50:53+00:00","og_image":[{"width":833,"height":887,"url":"https:\/\/vojnakrajina.ffzg.unizg.hr\/wp-content\/uploads\/2020\/09\/hrvati-16.-st..jpg","type":"image\/jpeg"}],"author":"Filip \u0160imunjak","twitter_card":"summary_large_image","twitter_misc":{"Written by":"Filip \u0160imunjak","Estimated reading time":"1 minute"},"schema":{"@context":"https:\/\/schema.org","@graph":[{"@type":"WebPage","@id":"https:\/\/vojnakrajina.ffzg.unizg.hr\/svjetski-kostimi-i-nosnje-krajem-16-st-cesare-vecellio\/","url":"https:\/\/vojnakrajina.ffzg.unizg.hr\/svjetski-kostimi-i-nosnje-krajem-16-st-cesare-vecellio\/","name":"Svjetski kostimi i no\u0161nje krajem 16. st. (Cesare Vecellio) - Bulwark of Europe","isPartOf":{"@id":"https:\/\/vojnakrajina.ffzg.unizg.hr\/#website"},"primaryImageOfPage":{"@id":"https:\/\/vojnakrajina.ffzg.unizg.hr\/svjetski-kostimi-i-nosnje-krajem-16-st-cesare-vecellio\/#primaryimage"},"image":{"@id":"https:\/\/vojnakrajina.ffzg.unizg.hr\/svjetski-kostimi-i-nosnje-krajem-16-st-cesare-vecellio\/#primaryimage"},"thumbnailUrl":"https:\/\/vojnakrajina.ffzg.unizg.hr\/wp-content\/uploads\/2020\/09\/hrvati-16.-st..jpg","datePublished":"2020-09-29T15:15:28+00:00","dateModified":"2021-03-10T10:50:53+00:00","author":{"@id":"https:\/\/vojnakrajina.ffzg.unizg.hr\/#\/schema\/person\/d770e8a0cd2c1993dfb7b6a957edd0d9"},"breadcrumb":{"@id":"https:\/\/vojnakrajina.ffzg.unizg.hr\/svjetski-kostimi-i-nosnje-krajem-16-st-cesare-vecellio\/#breadcrumb"},"inLanguage":"en-GB","potentialAction":[{"@type":"ReadAction","target":["https:\/\/vojnakrajina.ffzg.unizg.hr\/svjetski-kostimi-i-nosnje-krajem-16-st-cesare-vecellio\/"]}]},{"@type":"ImageObject","inLanguage":"en-GB","@id":"https:\/\/vojnakrajina.ffzg.unizg.hr\/svjetski-kostimi-i-nosnje-krajem-16-st-cesare-vecellio\/#primaryimage","url":"https:\/\/vojnakrajina.ffzg.unizg.hr\/wp-content\/uploads\/2020\/09\/hrvati-16.-st..jpg","contentUrl":"https:\/\/vojnakrajina.ffzg.unizg.hr\/wp-content\/uploads\/2020\/09\/hrvati-16.-st..jpg","width":833,"height":887},{"@type":"BreadcrumbList","@id":"https:\/\/vojnakrajina.ffzg.unizg.hr\/svjetski-kostimi-i-nosnje-krajem-16-st-cesare-vecellio\/#breadcrumb","itemListElement":[{"@type":"ListItem","position":1,"name":"Home","item":"https:\/\/vojnakrajina.ffzg.unizg.hr\/"},{"@type":"ListItem","position":2,"name":"Svjetski kostimi i no\u0161nje krajem 16. st. (Cesare Vecellio)"}]},{"@type":"WebSite","@id":"https:\/\/vojnakrajina.ffzg.unizg.hr\/#website","url":"https:\/\/vojnakrajina.ffzg.unizg.hr\/","name":"Bulwark of Europe - Vojna krajina u 16. stolje\u0107u","description":"Digitizing Habsburg-Ottoman Border","potentialAction":[{"@type":"SearchAction","target":{"@type":"EntryPoint","urlTemplate":"https:\/\/vojnakrajina.ffzg.unizg.hr\/?s={search_term_string}"},"query-input":{"@type":"PropertyValueSpecification","valueRequired":true,"valueName":"search_term_string"}}],"inLanguage":"en-GB"},{"@type":"Person","@id":"https:\/\/vojnakrajina.ffzg.unizg.hr\/#\/schema\/person\/d770e8a0cd2c1993dfb7b6a957edd0d9","name":"Filip \u0160imunjak","image":{"@type":"ImageObject","inLanguage":"en-GB","@id":"https:\/\/vojnakrajina.ffzg.unizg.hr\/#\/schema\/person\/image\/","url":"https:\/\/secure.gravatar.com\/avatar\/38ed982ac585081c2e1d4870eb4d446cb755f4560af058f13fb26a60ed8ee736?s=96&d=mm&r=g","contentUrl":"https:\/\/secure.gravatar.com\/avatar\/38ed982ac585081c2e1d4870eb4d446cb755f4560af058f13fb26a60ed8ee736?s=96&d=mm&r=g","caption":"Filip \u0160imunjak"},"description":"Filip \u0160imunjak ro\u0111en je 10. sije\u010dnja 1998. u Zagrebu gdje i \u017eivi. Student je prve godine jednopredmetnog diplomskog studija povijesti na Filozofskom fakultetu Sveu\u010dili\u0161ta u Zagrebu (smjer istra\u017eiva\u010dki, modul ranonovovjekovna povijest). Objavio je nekoliko \u010dlanaka i prikaza na teme iz srednjovjekovne i ranonovovjekovne povijesti. Prou\u010dava Vojnu krajinu i bavi se izradom povijesnih karata i rekonstrukcija utvrda. \u010clan je uredni\u0161tva studentskog \u010dasopisa ProTempore."}]}},"_links":{"self":[{"href":"https:\/\/vojnakrajina.ffzg.unizg.hr\/en\/wp-json\/wp\/v2\/posts\/2597","targetHints":{"allow":["GET"]}}],"collection":[{"href":"https:\/\/vojnakrajina.ffzg.unizg.hr\/en\/wp-json\/wp\/v2\/posts"}],"about":[{"href":"https:\/\/vojnakrajina.ffzg.unizg.hr\/en\/wp-json\/wp\/v2\/types\/post"}],"author":[{"embeddable":true,"href":"https:\/\/vojnakrajina.ffzg.unizg.hr\/en\/wp-json\/wp\/v2\/users\/1"}],"replies":[{"embeddable":true,"href":"https:\/\/vojnakrajina.ffzg.unizg.hr\/en\/wp-json\/wp\/v2\/comments?post=2597"}],"version-history":[{"count":16,"href":"https:\/\/vojnakrajina.ffzg.unizg.hr\/en\/wp-json\/wp\/v2\/posts\/2597\/revisions"}],"predecessor-version":[{"id":2944,"href":"https:\/\/vojnakrajina.ffzg.unizg.hr\/en\/wp-json\/wp\/v2\/posts\/2597\/revisions\/2944"}],"wp:featuredmedia":[{"embeddable":true,"href":"https:\/\/vojnakrajina.ffzg.unizg.hr\/en\/wp-json\/wp\/v2\/media\/2581"}],"wp:attachment":[{"href":"https:\/\/vojnakrajina.ffzg.unizg.hr\/en\/wp-json\/wp\/v2\/media?parent=2597"}],"wp:term":[{"taxonomy":"category","embeddable":true,"href":"https:\/\/vojnakrajina.ffzg.unizg.hr\/en\/wp-json\/wp\/v2\/categories?post=2597"},{"taxonomy":"post_tag","embeddable":true,"href":"https:\/\/vojnakrajina.ffzg.unizg.hr\/en\/wp-json\/wp\/v2\/tags?post=2597"}],"curies":[{"name":"wp","href":"https:\/\/api.w.org\/{rel}","templated":true}]}}